{"id":22083,"date":"2024-01-02T11:14:06","date_gmt":"2024-01-02T11:14:06","guid":{"rendered":"https:\/\/goodsensebaltic.ee\/why-is-it-important-to-consider-the-free-lift-height-and-the-lift-height-when-choosing-a-forklift\/"},"modified":"2024-02-23T08:05:53","modified_gmt":"2024-02-23T08:05:53","slug":"why-is-it-important-to-consider-the-free-lift-height-and-the-lift-height-when-choosing-a-forklift","status":"publish","type":"post","link":"https:\/\/goodsensebaltic.ee\/en\/why-is-it-important-to-consider-the-free-lift-height-and-the-lift-height-when-choosing-a-forklift\/","title":{"rendered":"Why is it important to consider the free lift height and the lift height when choosing a forklift?"},"content":{"rendered":"\t\t<div data-elementor-type=\"wp-post\" data-elementor-id=\"22083\" class=\"elementor elementor-22083 elementor-22081\" data-elementor-post-type=\"post\">\n\t\t\t\t\t\t<section class=\"wd-negative-gap elementor-section elementor-top-section elementor-element elementor-element-60570ae elementor-section-boxed elementor-section-height-default elementor-section-height-default\" data-id=\"60570ae\" data-element_type=\"section\" data-e-type=\"section\">\n\t\t\t\t\t\t<div class=\"elementor-container elementor-column-gap-default\">\n\t\t\t\t\t<div class=\"elementor-column elementor-col-100 elementor-top-column elementor-element elementor-element-f557a28\" data-id=\"f557a28\" data-element_type=\"column\" data-e-type=\"column\">\n\t\t\t<div class=\"elementor-widget-wrap elementor-element-populated\">\n\t\t\t\t\t\t<div class=\"elementor-element elementor-element-3557f94 elementor-widget elementor-widget-heading\" data-id=\"3557f94\" data-element_type=\"widget\" data-e-type=\"widget\" data-widget_type=\"heading.default\">\n\t\t\t\t<div class=\"elementor-widget-container\">\n\t\t\t\t\t<h2 class=\"elementor-heading-title elementor-size-default\">Why is it important to consider the free lift height and the lift height when choosing a forklift?<\/h2>\t\t\t\t<\/div>\n\t\t\t\t<\/div>\n\t\t\t\t<div class=\"elementor-element elementor-element-62b54b4 elementor-widget-divider--view-line elementor-widget elementor-widget-divider\" data-id=\"62b54b4\" data-element_type=\"widget\" data-e-type=\"widget\" data-widget_type=\"divider.default\">\n\t\t\t\t<div class=\"elementor-widget-container\">\n\t\t\t\t\t\t\t<div class=\"elementor-divider\">\n\t\t\t<span class=\"elementor-divider-separator\">\n\t\t\t\t\t\t<\/span>\n\t\t<\/div>\n\t\t\t\t\t\t<\/div>\n\t\t\t\t<\/div>\n\t\t\t\t\t<\/div>\n\t\t<\/div>\n\t\t\t\t\t<\/div>\n\t\t<\/section>\n\t\t\t\t<section class=\"wd-negative-gap elementor-section elementor-top-section elementor-element elementor-element-1a910be elementor-section-boxed elementor-section-height-default elementor-section-height-default\" data-id=\"1a910be\" data-element_type=\"section\" data-e-type=\"section\">\n\t\t\t\t\t\t<div class=\"elementor-container elementor-column-gap-default\">\n\t\t\t\t\t<div class=\"elementor-column elementor-col-50 elementor-top-column elementor-element elementor-element-64fc2e53\" data-id=\"64fc2e53\" data-element_type=\"column\" data-e-type=\"column\">\n\t\t\t<div class=\"elementor-widget-wrap elementor-element-populated\">\n\t\t\t\t\t\t<div class=\"elementor-element elementor-element-61e0a107 color-scheme-inherit text-left elementor-widget elementor-widget-text-editor\" data-id=\"61e0a107\" data-element_type=\"widget\" data-e-type=\"widget\" data-widget_type=\"text-editor.default\">\n\t\t\t\t<div class=\"elementor-widget-container\">\n\t\t\t\t\t\t\t\t\t<ol>\n<li> Height of lift: this indicates how high the forks are lifted with the full extension of the mast. The right choice of lift height ensures safe load regulation and optimum performance. When choosing the height of your top shelf, add at least 15cm to the height of your uppermost shelf to ensure greater safety at work every day.<\/li>\n<li>Freestanding height: Determines how high the load can be lifted before the mast starts to lengthen. This is important if you have rooms where you need to take height restrictions into account when lifting. If there is no height restriction, you can also choose a hoist with a mast without free lift.<\/li>\n<li>Note that the <strong>higher the lifting height<\/strong>, the <strong>higher the height of the mast when lowered<\/strong>! For example, a 2-piece mast with a lifting height of 6m has a height of <strong>3715mm<\/strong> when lowered, and a 3-piece mast has a height of only <strong>2685mm<\/strong>!<\/li>\n<\/ol>\n<p>The best selection of forklifts can be found <a href=\"https:\/\/bit.ly\/GoodsenseBaltic?fbclid=IwAR18fzHMoGCjGLstPDHVFCrWyv932u8LajsX2oIhZVHTMGo_iVomSxZ70WQ\">at: https:\/\/bit.ly\/GoodsenseBaltic<\/a><\/p>\n<p>Our consultants will be happy to help you choose the right lift:<\/p>\n<p>+ 372 56 983 983<\/p>\n<p>info@goodsensebaltic.ee<\/p>\n\t\t\t\t\t\t\t\t<\/div>\n\t\t\t\t<\/div>\n\t\t\t\t\t<\/div>\n\t\t<\/div>\n\t\t\t\t<div class=\"elementor-column elementor-col-50 elementor-top-column elementor-element elementor-element-9daabd1\" data-id=\"9daabd1\" data-element_type=\"column\" data-e-type=\"column\">\n\t\t\t<div class=\"elementor-widget-wrap elementor-element-populated\">\n\t\t\t\t\t\t<div class=\"elementor-element elementor-element-eb75284 elementor-widget elementor-widget-wd_image_or_svg\" data-id=\"eb75284\" data-element_type=\"widget\" data-e-type=\"widget\" data-widget_type=\"wd_image_or_svg.default\">\n\t\t\t\t<div class=\"elementor-widget-container\">\n\t\t\t\t\t\n\t\t<div class=\"wd-image text-left\">\n\t\t\t\t\t\t\t\t<img fetchpriority=\"high\" decoding=\"async\" width=\"600\" height=\"503\" src=\"https:\/\/goodsensebaltic.ee\/wp-content\/uploads\/2024\/01\/Vabatoste-ja-tostekorguse-valimine.jpg\" class=\"attachment-full size-full\" alt=\"Vabat\u00f5ste ja t\u00f5stek\u00f5rguse valimine\" srcset=\"https:\/\/goodsensebaltic.ee\/wp-content\/uploads\/2024\/01\/Vabatoste-ja-tostekorguse-valimine.jpg 600w, https:\/\/goodsensebaltic.ee\/wp-content\/uploads\/2024\/01\/Vabatoste-ja-tostekorguse-valimine-430x360.jpg 430w, https:\/\/goodsensebaltic.ee\/wp-content\/uploads\/2024\/01\/Vabatoste-ja-tostekorguse-valimine-150x126.jpg 150w\" sizes=\"(max-width: 600px) 100vw, 600px\" \/>\t\t\t\t\t<\/div>\n\n\t\t\t\t\t\t<\/div>\n\t\t\t\t<\/div>\n\t\t\t\t\t<\/div>\n\t\t<\/div>\n\t\t\t\t\t<\/div>\n\t\t<\/section>\n\t\t\t\t<\/div>\n\t\t","protected":false},"excerpt":{"rendered":"<p>Height of lift: this indicates how high the forks are lifted with the full extension of the mast. The right<\/p>\n","protected":false},"author":10,"featured_media":0,"comment_status":"open","ping_status":"open","sticky":false,"template":"","format":"standard","meta":{"footnotes":""},"categories":[1236],"tags":[],"class_list":["post-22083","post","type-post","status-publish","format-standard","hentry","category-useful-for"],"yoast_head":"<!-- This site is optimized with the Yoast SEO plugin v27.4 - https:\/\/yoast.com\/product\/yoast-seo-wordpress\/ -->\n<title>Why is it important to consider the free lift height and the lift height when choosing a forklift? - Goodsense Baltic<\/title>\n<meta name=\"description\" content=\"Selection and nature of the lifting height and free lift height of the lift.\" \/>\n<meta name=\"robots\" content=\"index, follow, max-snippet:-1, max-image-preview:large, max-video-preview:-1\" \/>\n<link rel=\"canonical\" href=\"https:\/\/goodsensebaltic.ee\/en\/why-is-it-important-to-consider-the-free-lift-height-and-the-lift-height-when-choosing-a-forklift\/\" \/>\n<meta property=\"og:locale\" content=\"en_US\" \/>\n<meta property=\"og:type\" content=\"article\" \/>\n<meta property=\"og:title\" content=\"Why is it important to consider the free lift height and the lift height when choosing a forklift? - Goodsense Baltic\" \/>\n<meta property=\"og:description\" content=\"Selection and nature of the lifting height and free lift height of the lift.\" \/>\n<meta property=\"og:url\" content=\"https:\/\/goodsensebaltic.ee\/en\/why-is-it-important-to-consider-the-free-lift-height-and-the-lift-height-when-choosing-a-forklift\/\" \/>\n<meta property=\"og:site_name\" content=\"Goodsense Baltic\" \/>\n<meta property=\"article:publisher\" content=\"https:\/\/www.facebook.com\/GoodsenseBaltic\" \/>\n<meta property=\"article:published_time\" content=\"2024-01-02T11:14:06+00:00\" \/>\n<meta property=\"article:modified_time\" content=\"2024-02-23T08:05:53+00:00\" \/>\n<meta property=\"og:image\" content=\"https:\/\/goodsensebaltic.ee\/wp-content\/uploads\/2024\/01\/Vabatoste-ja-tostekorguse-valimine.jpg\" \/>\n<meta name=\"author\" content=\"karl@goodsensebaltic.ee\" \/>\n<meta name=\"twitter:card\" content=\"summary_large_image\" \/>\n<meta name=\"twitter:label1\" content=\"Written by\" \/>\n\t<meta name=\"twitter:data1\" content=\"karl@goodsensebaltic.ee\" \/>\n\t<meta name=\"twitter:label2\" content=\"Est. reading time\" \/>\n\t<meta name=\"twitter:data2\" content=\"1 minute\" \/>\n<script type=\"application\/ld+json\" class=\"yoast-schema-graph\">{\"@context\":\"https:\\\/\\\/schema.org\",\"@graph\":[{\"@type\":\"Article\",\"@id\":\"https:\\\/\\\/goodsensebaltic.ee\\\/en\\\/why-is-it-important-to-consider-the-free-lift-height-and-the-lift-height-when-choosing-a-forklift\\\/#article\",\"isPartOf\":{\"@id\":\"https:\\\/\\\/goodsensebaltic.ee\\\/en\\\/why-is-it-important-to-consider-the-free-lift-height-and-the-lift-height-when-choosing-a-forklift\\\/\"},\"author\":{\"name\":\"karl@goodsensebaltic.ee\",\"@id\":\"https:\\\/\\\/goodsensebaltic.ee\\\/#\\\/schema\\\/person\\\/83da9f5b35039d71c2940d0432c241bb\"},\"headline\":\"Why is it important to consider the free lift height and the lift height when choosing a forklift?\",\"datePublished\":\"2024-01-02T11:14:06+00:00\",\"dateModified\":\"2024-02-23T08:05:53+00:00\",\"mainEntityOfPage\":{\"@id\":\"https:\\\/\\\/goodsensebaltic.ee\\\/en\\\/why-is-it-important-to-consider-the-free-lift-height-and-the-lift-height-when-choosing-a-forklift\\\/\"},\"wordCount\":200,\"commentCount\":0,\"publisher\":{\"@id\":\"https:\\\/\\\/goodsensebaltic.ee\\\/#organization\"},\"image\":{\"@id\":\"https:\\\/\\\/goodsensebaltic.ee\\\/en\\\/why-is-it-important-to-consider-the-free-lift-height-and-the-lift-height-when-choosing-a-forklift\\\/#primaryimage\"},\"thumbnailUrl\":\"https:\\\/\\\/goodsensebaltic.ee\\\/wp-content\\\/uploads\\\/2024\\\/01\\\/Vabatoste-ja-tostekorguse-valimine.jpg\",\"articleSection\":[\"Useful for\"],\"inLanguage\":\"en-US\",\"potentialAction\":[{\"@type\":\"CommentAction\",\"name\":\"Comment\",\"target\":[\"https:\\\/\\\/goodsensebaltic.ee\\\/en\\\/why-is-it-important-to-consider-the-free-lift-height-and-the-lift-height-when-choosing-a-forklift\\\/#respond\"]}]},{\"@type\":\"WebPage\",\"@id\":\"https:\\\/\\\/goodsensebaltic.ee\\\/en\\\/why-is-it-important-to-consider-the-free-lift-height-and-the-lift-height-when-choosing-a-forklift\\\/\",\"url\":\"https:\\\/\\\/goodsensebaltic.ee\\\/en\\\/why-is-it-important-to-consider-the-free-lift-height-and-the-lift-height-when-choosing-a-forklift\\\/\",\"name\":\"Why is it important to consider the free lift height and the lift height when choosing a forklift? - Goodsense Baltic\",\"isPartOf\":{\"@id\":\"https:\\\/\\\/goodsensebaltic.ee\\\/#website\"},\"primaryImageOfPage\":{\"@id\":\"https:\\\/\\\/goodsensebaltic.ee\\\/en\\\/why-is-it-important-to-consider-the-free-lift-height-and-the-lift-height-when-choosing-a-forklift\\\/#primaryimage\"},\"image\":{\"@id\":\"https:\\\/\\\/goodsensebaltic.ee\\\/en\\\/why-is-it-important-to-consider-the-free-lift-height-and-the-lift-height-when-choosing-a-forklift\\\/#primaryimage\"},\"thumbnailUrl\":\"https:\\\/\\\/goodsensebaltic.ee\\\/wp-content\\\/uploads\\\/2024\\\/01\\\/Vabatoste-ja-tostekorguse-valimine.jpg\",\"datePublished\":\"2024-01-02T11:14:06+00:00\",\"dateModified\":\"2024-02-23T08:05:53+00:00\",\"description\":\"Selection and nature of the lifting height and free lift height of the lift.\",\"breadcrumb\":{\"@id\":\"https:\\\/\\\/goodsensebaltic.ee\\\/en\\\/why-is-it-important-to-consider-the-free-lift-height-and-the-lift-height-when-choosing-a-forklift\\\/#breadcrumb\"},\"inLanguage\":\"en-US\",\"potentialAction\":[{\"@type\":\"ReadAction\",\"target\":[\"https:\\\/\\\/goodsensebaltic.ee\\\/en\\\/why-is-it-important-to-consider-the-free-lift-height-and-the-lift-height-when-choosing-a-forklift\\\/\"]}]},{\"@type\":\"ImageObject\",\"inLanguage\":\"en-US\",\"@id\":\"https:\\\/\\\/goodsensebaltic.ee\\\/en\\\/why-is-it-important-to-consider-the-free-lift-height-and-the-lift-height-when-choosing-a-forklift\\\/#primaryimage\",\"url\":\"https:\\\/\\\/goodsensebaltic.ee\\\/wp-content\\\/uploads\\\/2024\\\/01\\\/Vabatoste-ja-tostekorguse-valimine.jpg\",\"contentUrl\":\"https:\\\/\\\/goodsensebaltic.ee\\\/wp-content\\\/uploads\\\/2024\\\/01\\\/Vabatoste-ja-tostekorguse-valimine.jpg\"},{\"@type\":\"BreadcrumbList\",\"@id\":\"https:\\\/\\\/goodsensebaltic.ee\\\/en\\\/why-is-it-important-to-consider-the-free-lift-height-and-the-lift-height-when-choosing-a-forklift\\\/#breadcrumb\",\"itemListElement\":[{\"@type\":\"ListItem\",\"position\":1,\"name\":\"Home\",\"item\":\"https:\\\/\\\/goodsensebaltic.ee\\\/en\\\/\"},{\"@type\":\"ListItem\",\"position\":2,\"name\":\"Why is it important to consider the free lift height and the lift height when choosing a forklift?\"}]},{\"@type\":\"WebSite\",\"@id\":\"https:\\\/\\\/goodsensebaltic.ee\\\/#website\",\"url\":\"https:\\\/\\\/goodsensebaltic.ee\\\/\",\"name\":\"Goodsense Baltic\",\"description\":\"Kahvelt\u00f5stukite ost ja m\u00fc\u00fck\",\"publisher\":{\"@id\":\"https:\\\/\\\/goodsensebaltic.ee\\\/#organization\"},\"potentialAction\":[{\"@type\":\"SearchAction\",\"target\":{\"@type\":\"EntryPoint\",\"urlTemplate\":\"https:\\\/\\\/goodsensebaltic.ee\\\/?s={search_term_string}\"},\"query-input\":{\"@type\":\"PropertyValueSpecification\",\"valueRequired\":true,\"valueName\":\"search_term_string\"}}],\"inLanguage\":\"en-US\"},{\"@type\":\"Organization\",\"@id\":\"https:\\\/\\\/goodsensebaltic.ee\\\/#organization\",\"name\":\"Goodsense Baltic\",\"url\":\"https:\\\/\\\/goodsensebaltic.ee\\\/\",\"logo\":{\"@type\":\"ImageObject\",\"inLanguage\":\"en-US\",\"@id\":\"https:\\\/\\\/goodsensebaltic.ee\\\/#\\\/schema\\\/logo\\\/image\\\/\",\"url\":\"https:\\\/\\\/goodsensebaltic.ee\\\/wp-content\\\/uploads\\\/2022\\\/02\\\/Goodsense_Baltic_logo-01-1.svg\",\"contentUrl\":\"https:\\\/\\\/goodsensebaltic.ee\\\/wp-content\\\/uploads\\\/2022\\\/02\\\/Goodsense_Baltic_logo-01-1.svg\",\"width\":988,\"height\":198,\"caption\":\"Goodsense Baltic\"},\"image\":{\"@id\":\"https:\\\/\\\/goodsensebaltic.ee\\\/#\\\/schema\\\/logo\\\/image\\\/\"},\"sameAs\":[\"https:\\\/\\\/www.facebook.com\\\/GoodsenseBaltic\",\"https:\\\/\\\/www.linkedin.com\\\/company\\\/goodsense-baltic-o\\\/\"]},{\"@type\":\"Person\",\"@id\":\"https:\\\/\\\/goodsensebaltic.ee\\\/#\\\/schema\\\/person\\\/83da9f5b35039d71c2940d0432c241bb\",\"name\":\"karl@goodsensebaltic.ee\",\"image\":{\"@type\":\"ImageObject\",\"inLanguage\":\"en-US\",\"@id\":\"https:\\\/\\\/secure.gravatar.com\\\/avatar\\\/e1e8dda928ae9b9cf255a1aa48182e213ff94987da46dc0c8a3e9cecc1fc5d79?s=96&d=mm&r=g\",\"url\":\"https:\\\/\\\/secure.gravatar.com\\\/avatar\\\/e1e8dda928ae9b9cf255a1aa48182e213ff94987da46dc0c8a3e9cecc1fc5d79?s=96&d=mm&r=g\",\"contentUrl\":\"https:\\\/\\\/secure.gravatar.com\\\/avatar\\\/e1e8dda928ae9b9cf255a1aa48182e213ff94987da46dc0c8a3e9cecc1fc5d79?s=96&d=mm&r=g\",\"caption\":\"karl@goodsensebaltic.ee\"},\"url\":\"https:\\\/\\\/goodsensebaltic.ee\\\/en\\\/author\\\/karlgoodsensebaltic-ee\\\/\"}]}<\/script>\n<!-- \/ Yoast SEO plugin. -->","yoast_head_json":{"title":"Why is it important to consider the free lift height and the lift height when choosing a forklift? - Goodsense Baltic","description":"Selection and nature of the lifting height and free lift height of the lift.","robots":{"index":"index","follow":"follow","max-snippet":"max-snippet:-1","max-image-preview":"max-image-preview:large","max-video-preview":"max-video-preview:-1"},"canonical":"https:\/\/goodsensebaltic.ee\/en\/why-is-it-important-to-consider-the-free-lift-height-and-the-lift-height-when-choosing-a-forklift\/","og_locale":"en_US","og_type":"article","og_title":"Why is it important to consider the free lift height and the lift height when choosing a forklift? - Goodsense Baltic","og_description":"Selection and nature of the lifting height and free lift height of the lift.","og_url":"https:\/\/goodsensebaltic.ee\/en\/why-is-it-important-to-consider-the-free-lift-height-and-the-lift-height-when-choosing-a-forklift\/","og_site_name":"Goodsense Baltic","article_publisher":"https:\/\/www.facebook.com\/GoodsenseBaltic","article_published_time":"2024-01-02T11:14:06+00:00","article_modified_time":"2024-02-23T08:05:53+00:00","og_image":[{"url":"https:\/\/goodsensebaltic.ee\/wp-content\/uploads\/2024\/01\/Vabatoste-ja-tostekorguse-valimine.jpg","type":"","width":"","height":""}],"author":"karl@goodsensebaltic.ee","twitter_card":"summary_large_image","twitter_misc":{"Written by":"karl@goodsensebaltic.ee","Est. reading time":"1 minute"},"schema":{"@context":"https:\/\/schema.org","@graph":[{"@type":"Article","@id":"https:\/\/goodsensebaltic.ee\/en\/why-is-it-important-to-consider-the-free-lift-height-and-the-lift-height-when-choosing-a-forklift\/#article","isPartOf":{"@id":"https:\/\/goodsensebaltic.ee\/en\/why-is-it-important-to-consider-the-free-lift-height-and-the-lift-height-when-choosing-a-forklift\/"},"author":{"name":"karl@goodsensebaltic.ee","@id":"https:\/\/goodsensebaltic.ee\/#\/schema\/person\/83da9f5b35039d71c2940d0432c241bb"},"headline":"Why is it important to consider the free lift height and the lift height when choosing a forklift?","datePublished":"2024-01-02T11:14:06+00:00","dateModified":"2024-02-23T08:05:53+00:00","mainEntityOfPage":{"@id":"https:\/\/goodsensebaltic.ee\/en\/why-is-it-important-to-consider-the-free-lift-height-and-the-lift-height-when-choosing-a-forklift\/"},"wordCount":200,"commentCount":0,"publisher":{"@id":"https:\/\/goodsensebaltic.ee\/#organization"},"image":{"@id":"https:\/\/goodsensebaltic.ee\/en\/why-is-it-important-to-consider-the-free-lift-height-and-the-lift-height-when-choosing-a-forklift\/#primaryimage"},"thumbnailUrl":"https:\/\/goodsensebaltic.ee\/wp-content\/uploads\/2024\/01\/Vabatoste-ja-tostekorguse-valimine.jpg","articleSection":["Useful for"],"inLanguage":"en-US","potentialAction":[{"@type":"CommentAction","name":"Comment","target":["https:\/\/goodsensebaltic.ee\/en\/why-is-it-important-to-consider-the-free-lift-height-and-the-lift-height-when-choosing-a-forklift\/#respond"]}]},{"@type":"WebPage","@id":"https:\/\/goodsensebaltic.ee\/en\/why-is-it-important-to-consider-the-free-lift-height-and-the-lift-height-when-choosing-a-forklift\/","url":"https:\/\/goodsensebaltic.ee\/en\/why-is-it-important-to-consider-the-free-lift-height-and-the-lift-height-when-choosing-a-forklift\/","name":"Why is it important to consider the free lift height and the lift height when choosing a forklift? - Goodsense Baltic","isPartOf":{"@id":"https:\/\/goodsensebaltic.ee\/#website"},"primaryImageOfPage":{"@id":"https:\/\/goodsensebaltic.ee\/en\/why-is-it-important-to-consider-the-free-lift-height-and-the-lift-height-when-choosing-a-forklift\/#primaryimage"},"image":{"@id":"https:\/\/goodsensebaltic.ee\/en\/why-is-it-important-to-consider-the-free-lift-height-and-the-lift-height-when-choosing-a-forklift\/#primaryimage"},"thumbnailUrl":"https:\/\/goodsensebaltic.ee\/wp-content\/uploads\/2024\/01\/Vabatoste-ja-tostekorguse-valimine.jpg","datePublished":"2024-01-02T11:14:06+00:00","dateModified":"2024-02-23T08:05:53+00:00","description":"Selection and nature of the lifting height and free lift height of the lift.","breadcrumb":{"@id":"https:\/\/goodsensebaltic.ee\/en\/why-is-it-important-to-consider-the-free-lift-height-and-the-lift-height-when-choosing-a-forklift\/#breadcrumb"},"inLanguage":"en-US","potentialAction":[{"@type":"ReadAction","target":["https:\/\/goodsensebaltic.ee\/en\/why-is-it-important-to-consider-the-free-lift-height-and-the-lift-height-when-choosing-a-forklift\/"]}]},{"@type":"ImageObject","inLanguage":"en-US","@id":"https:\/\/goodsensebaltic.ee\/en\/why-is-it-important-to-consider-the-free-lift-height-and-the-lift-height-when-choosing-a-forklift\/#primaryimage","url":"https:\/\/goodsensebaltic.ee\/wp-content\/uploads\/2024\/01\/Vabatoste-ja-tostekorguse-valimine.jpg","contentUrl":"https:\/\/goodsensebaltic.ee\/wp-content\/uploads\/2024\/01\/Vabatoste-ja-tostekorguse-valimine.jpg"},{"@type":"BreadcrumbList","@id":"https:\/\/goodsensebaltic.ee\/en\/why-is-it-important-to-consider-the-free-lift-height-and-the-lift-height-when-choosing-a-forklift\/#breadcrumb","itemListElement":[{"@type":"ListItem","position":1,"name":"Home","item":"https:\/\/goodsensebaltic.ee\/en\/"},{"@type":"ListItem","position":2,"name":"Why is it important to consider the free lift height and the lift height when choosing a forklift?"}]},{"@type":"WebSite","@id":"https:\/\/goodsensebaltic.ee\/#website","url":"https:\/\/goodsensebaltic.ee\/","name":"Goodsense Baltic","description":"Kahvelt\u00f5stukite ost ja m\u00fc\u00fck","publisher":{"@id":"https:\/\/goodsensebaltic.ee\/#organization"},"potentialAction":[{"@type":"SearchAction","target":{"@type":"EntryPoint","urlTemplate":"https:\/\/goodsensebaltic.ee\/?s={search_term_string}"},"query-input":{"@type":"PropertyValueSpecification","valueRequired":true,"valueName":"search_term_string"}}],"inLanguage":"en-US"},{"@type":"Organization","@id":"https:\/\/goodsensebaltic.ee\/#organization","name":"Goodsense Baltic","url":"https:\/\/goodsensebaltic.ee\/","logo":{"@type":"ImageObject","inLanguage":"en-US","@id":"https:\/\/goodsensebaltic.ee\/#\/schema\/logo\/image\/","url":"https:\/\/goodsensebaltic.ee\/wp-content\/uploads\/2022\/02\/Goodsense_Baltic_logo-01-1.svg","contentUrl":"https:\/\/goodsensebaltic.ee\/wp-content\/uploads\/2022\/02\/Goodsense_Baltic_logo-01-1.svg","width":988,"height":198,"caption":"Goodsense Baltic"},"image":{"@id":"https:\/\/goodsensebaltic.ee\/#\/schema\/logo\/image\/"},"sameAs":["https:\/\/www.facebook.com\/GoodsenseBaltic","https:\/\/www.linkedin.com\/company\/goodsense-baltic-o\/"]},{"@type":"Person","@id":"https:\/\/goodsensebaltic.ee\/#\/schema\/person\/83da9f5b35039d71c2940d0432c241bb","name":"karl@goodsensebaltic.ee","image":{"@type":"ImageObject","inLanguage":"en-US","@id":"https:\/\/secure.gravatar.com\/avatar\/e1e8dda928ae9b9cf255a1aa48182e213ff94987da46dc0c8a3e9cecc1fc5d79?s=96&d=mm&r=g","url":"https:\/\/secure.gravatar.com\/avatar\/e1e8dda928ae9b9cf255a1aa48182e213ff94987da46dc0c8a3e9cecc1fc5d79?s=96&d=mm&r=g","contentUrl":"https:\/\/secure.gravatar.com\/avatar\/e1e8dda928ae9b9cf255a1aa48182e213ff94987da46dc0c8a3e9cecc1fc5d79?s=96&d=mm&r=g","caption":"karl@goodsensebaltic.ee"},"url":"https:\/\/goodsensebaltic.ee\/en\/author\/karlgoodsensebaltic-ee\/"}]}},"_links":{"self":[{"href":"https:\/\/goodsensebaltic.ee\/en\/wp-json\/wp\/v2\/posts\/22083","targetHints":{"allow":["GET"]}}],"collection":[{"href":"https:\/\/goodsensebaltic.ee\/en\/wp-json\/wp\/v2\/posts"}],"about":[{"href":"https:\/\/goodsensebaltic.ee\/en\/wp-json\/wp\/v2\/types\/post"}],"author":[{"embeddable":true,"href":"https:\/\/goodsensebaltic.ee\/en\/wp-json\/wp\/v2\/users\/10"}],"replies":[{"embeddable":true,"href":"https:\/\/goodsensebaltic.ee\/en\/wp-json\/wp\/v2\/comments?post=22083"}],"version-history":[{"count":7,"href":"https:\/\/goodsensebaltic.ee\/en\/wp-json\/wp\/v2\/posts\/22083\/revisions"}],"predecessor-version":[{"id":22549,"href":"https:\/\/goodsensebaltic.ee\/en\/wp-json\/wp\/v2\/posts\/22083\/revisions\/22549"}],"wp:attachment":[{"href":"https:\/\/goodsensebaltic.ee\/en\/wp-json\/wp\/v2\/media?parent=22083"}],"wp:term":[{"taxonomy":"category","embeddable":true,"href":"https:\/\/goodsensebaltic.ee\/en\/wp-json\/wp\/v2\/categories?post=22083"},{"taxonomy":"post_tag","embeddable":true,"href":"https:\/\/goodsensebaltic.ee\/en\/wp-json\/wp\/v2\/tags?post=22083"}],"curies":[{"name":"wp","href":"https:\/\/api.w.org\/{rel}","templated":true}]}}